{"id":130,"date":"2016-11-29T12:39:18","date_gmt":"2016-11-29T11:39:18","guid":{"rendered":"http:\/\/dmp-legal.pl\/?p=130"},"modified":"2016-11-29T12:39:18","modified_gmt":"2016-11-29T11:39:18","slug":"fiskus-pozwala-rozliczac-auta-w-calosci-w-kosztach","status":"publish","type":"post","link":"http:\/\/dmp-legal.pl\/en\/2016\/11\/29\/fiskus-pozwala-rozliczac-auta-w-calosci-w-kosztach\/","title":{"rendered":"Fiskus pozwala rozlicza\u0107 auta w ca\u0142o\u015bci w kosztach"},"content":{"rendered":"<p>Minister Finans\u00f3w interpretacj\u0105 nr DD9\/033\/543\/JQP\/SKT\/2014\/RWPD-107452 z dnia 30 wrze\u015bnia 2016 r. zmieni\u0142 dotychczasow\u0105 interpretacj\u0119 izb skarbowych, wed\u0142ug kt\u00f3rych nie wszystkie wydatki na firmowy samoch\u00f3d mo\u017cna zaliczy\u0107 do koszt\u00f3w prowadzenia dzia\u0142alno\u015bci gospodarczej. Stanowisko Ministra Finans\u00f3w w tej sprawie jest nast\u0119puj\u0105ce \u201e<em>sporadyczne wykorzystywanie samochodu firmowego dla potrzeb prywatnych nie ma wp\u0142ywu na prawo zaliczania do koszt\u00f3w podatkowych wydatk\u00f3w zwi\u0105zanych z eksploatacj\u0105 samochodu oraz dokonywania odpis\u00f3w amortyzacyjnych<\/em>&#8220;. Stanowisko to dotyczy jednak wy\u0142\u0105cznie koszt\u00f3w uzyskania przychodu. Aktualne pozosta\u0142y dotychczasowe zasady rozliczania podatku VAT. Nadal Podatek VAT w pe\u0142nej wysoko\u015bci mo\u017ce by\u0107 odliczony w przypadku, gdy samoch\u00f3d jest wykorzystywany wy\u0142\u0105cznie na potrzeby dzia\u0142alno\u015bci gospodarczej.<\/p>\n","protected":false},"excerpt":{"rendered":"<p>Minister Finans\u00f3w interpretacj\u0105 nr DD9\/033\/543\/JQP\/SKT\/2014\/RWPD-107452 z dnia 30 wrze\u015bnia 2016 r. zmieni\u0142 dotychczasow\u0105 interpretacj\u0119 izb skarbowych, wed\u0142ug kt\u00f3rych nie wszystkie wydatki na firmowy samoch\u00f3d mo\u017cna zaliczy\u0107 do koszt\u00f3w prowadzenia dzia\u0142alno\u015bci gospodarczej. Stanowisko Ministra Finans\u00f3w w tej sprawie jest nast\u0119puj\u0105ce \u201esporadyczne wykorzystywanie samochodu firmowego dla potrzeb prywatnych nie ma wp\u0142ywu na&#8230;<\/p>\n","protected":false},"author":1,"featured_media":0,"comment_status":"closed","ping_status":"closed","sticky":false,"template":"","format":"standard","meta":{"footnotes":""},"categories":[2],"tags":[],"class_list":["post-130","post","type-post","status-publish","format-standard","hentry","category-bez-kategorii"],"yoast_head":"<!-- This site is optimized with the Yoast SEO plugin v25.6 - https:\/\/yoast.com\/wordpress\/plugins\/seo\/ -->\n<title>Fiskus pozwala rozlicza\u0107 auta w ca\u0142o\u015bci w kosztach - DMP-LEGAL<\/title>\n<meta name=\"robots\" content=\"index, follow, max-snippet:-1, max-image-preview:large, max-video-preview:-1\" \/>\n<link rel=\"canonical\" href=\"http:\/\/dmp-legal.pl\/2016\/11\/29\/fiskus-pozwala-rozliczac-auta-w-calosci-w-kosztach\/\" \/>\n<meta property=\"og:locale\" content=\"en_US\" \/>\n<meta property=\"og:type\" content=\"article\" \/>\n<meta property=\"og:title\" content=\"Fiskus pozwala rozlicza\u0107 auta w ca\u0142o\u015bci w kosztach - DMP-LEGAL\" \/>\n<meta property=\"og:description\" content=\"Minister Finans\u00f3w interpretacj\u0105 nr DD9\/033\/543\/JQP\/SKT\/2014\/RWPD-107452 z dnia 30 wrze\u015bnia 2016 r. zmieni\u0142 dotychczasow\u0105 interpretacj\u0119 izb skarbowych, wed\u0142ug kt\u00f3rych nie wszystkie wydatki na firmowy samoch\u00f3d mo\u017cna zaliczy\u0107 do koszt\u00f3w prowadzenia dzia\u0142alno\u015bci gospodarczej. Stanowisko Ministra Finans\u00f3w w tej sprawie jest nast\u0119puj\u0105ce \u201esporadyczne wykorzystywanie samochodu firmowego dla potrzeb prywatnych nie ma wp\u0142ywu na...\" \/>\n<meta property=\"og:url\" content=\"http:\/\/dmp-legal.pl\/2016\/11\/29\/fiskus-pozwala-rozliczac-auta-w-calosci-w-kosztach\/\" \/>\n<meta property=\"og:site_name\" content=\"DMP-LEGAL\" \/>\n<meta property=\"article:published_time\" content=\"2016-11-29T11:39:18+00:00\" \/>\n<meta name=\"author\" content=\"przewo\" \/>\n<meta name=\"twitter:card\" content=\"summary_large_image\" \/>\n<meta name=\"twitter:label1\" content=\"Written by\" \/>\n\t<meta name=\"twitter:data1\" content=\"przewo\" \/>\n\t<meta name=\"twitter:label2\" content=\"Est. reading time\" \/>\n\t<meta name=\"twitter:data2\" content=\"1 minute\" \/>\n<script type=\"application\/ld+json\" class=\"yoast-schema-graph\">{\"@context\":\"https:\/\/schema.org\",\"@graph\":[{\"@type\":\"WebPage\",\"@id\":\"http:\/\/dmp-legal.pl\/2016\/11\/29\/fiskus-pozwala-rozliczac-auta-w-calosci-w-kosztach\/\",\"url\":\"http:\/\/dmp-legal.pl\/2016\/11\/29\/fiskus-pozwala-rozliczac-auta-w-calosci-w-kosztach\/\",\"name\":\"Fiskus pozwala rozlicza\u0107 auta w ca\u0142o\u015bci w kosztach - DMP-LEGAL\",\"isPartOf\":{\"@id\":\"http:\/\/dmp-legal.pl\/#website\"},\"datePublished\":\"2016-11-29T11:39:18+00:00\",\"author\":{\"@id\":\"http:\/\/dmp-legal.pl\/#\/schema\/person\/ec9387b805e2378481c38c7a419a383f\"},\"breadcrumb\":{\"@id\":\"http:\/\/dmp-legal.pl\/2016\/11\/29\/fiskus-pozwala-rozliczac-auta-w-calosci-w-kosztach\/#breadcrumb\"},\"inLanguage\":\"en-US\",\"potentialAction\":[{\"@type\":\"ReadAction\",\"target\":[\"http:\/\/dmp-legal.pl\/2016\/11\/29\/fiskus-pozwala-rozliczac-auta-w-calosci-w-kosztach\/\"]}]},{\"@type\":\"BreadcrumbList\",\"@id\":\"http:\/\/dmp-legal.pl\/2016\/11\/29\/fiskus-pozwala-rozliczac-auta-w-calosci-w-kosztach\/#breadcrumb\",\"itemListElement\":[{\"@type\":\"ListItem\",\"position\":1,\"name\":\"Strona g\u0142\u00f3wna\",\"item\":\"http:\/\/dmp-legal.pl\/\"},{\"@type\":\"ListItem\",\"position\":2,\"name\":\"Fiskus pozwala rozlicza\u0107 auta w ca\u0142o\u015bci w kosztach\"}]},{\"@type\":\"WebSite\",\"@id\":\"http:\/\/dmp-legal.pl\/#website\",\"url\":\"http:\/\/dmp-legal.pl\/\",\"name\":\"DMP-LEGAL\",\"description\":\"Dobrowolska Mazur Pasternak s.c. radc\u00f3w prawnych\",\"potentialAction\":[{\"@type\":\"SearchAction\",\"target\":{\"@type\":\"EntryPoint\",\"urlTemplate\":\"http:\/\/dmp-legal.pl\/?s={search_term_string}\"},\"query-input\":{\"@type\":\"PropertyValueSpecification\",\"valueRequired\":true,\"valueName\":\"search_term_string\"}}],\"inLanguage\":\"en-US\"},{\"@type\":\"Person\",\"@id\":\"http:\/\/dmp-legal.pl\/#\/schema\/person\/ec9387b805e2378481c38c7a419a383f\",\"name\":\"przewo\",\"image\":{\"@type\":\"ImageObject\",\"inLanguage\":\"en-US\",\"@id\":\"http:\/\/dmp-legal.pl\/#\/schema\/person\/image\/\",\"url\":\"http:\/\/0.gravatar.com\/avatar\/066555a51071fc0f8506e92084b0b37c?s=96&d=mm&r=g\",\"contentUrl\":\"http:\/\/0.gravatar.com\/avatar\/066555a51071fc0f8506e92084b0b37c?s=96&d=mm&r=g\",\"caption\":\"przewo\"},\"url\":\"http:\/\/dmp-legal.pl\/en\/author\/przewo\/\"}]}<\/script>\n<!-- \/ Yoast SEO plugin. -->","yoast_head_json":{"title":"Fiskus pozwala rozlicza\u0107 auta w ca\u0142o\u015bci w kosztach - DMP-LEGAL","robots":{"index":"index","follow":"follow","max-snippet":"max-snippet:-1","max-image-preview":"max-image-preview:large","max-video-preview":"max-video-preview:-1"},"canonical":"http:\/\/dmp-legal.pl\/2016\/11\/29\/fiskus-pozwala-rozliczac-auta-w-calosci-w-kosztach\/","og_locale":"en_US","og_type":"article","og_title":"Fiskus pozwala rozlicza\u0107 auta w ca\u0142o\u015bci w kosztach - DMP-LEGAL","og_description":"Minister Finans\u00f3w interpretacj\u0105 nr DD9\/033\/543\/JQP\/SKT\/2014\/RWPD-107452 z dnia 30 wrze\u015bnia 2016 r. zmieni\u0142 dotychczasow\u0105 interpretacj\u0119 izb skarbowych, wed\u0142ug kt\u00f3rych nie wszystkie wydatki na firmowy samoch\u00f3d mo\u017cna zaliczy\u0107 do koszt\u00f3w prowadzenia dzia\u0142alno\u015bci gospodarczej. Stanowisko Ministra Finans\u00f3w w tej sprawie jest nast\u0119puj\u0105ce \u201esporadyczne wykorzystywanie samochodu firmowego dla potrzeb prywatnych nie ma wp\u0142ywu na...","og_url":"http:\/\/dmp-legal.pl\/2016\/11\/29\/fiskus-pozwala-rozliczac-auta-w-calosci-w-kosztach\/","og_site_name":"DMP-LEGAL","article_published_time":"2016-11-29T11:39:18+00:00","author":"przewo","twitter_card":"summary_large_image","twitter_misc":{"Written by":"przewo","Est. reading time":"1 minute"},"schema":{"@context":"https:\/\/schema.org","@graph":[{"@type":"WebPage","@id":"http:\/\/dmp-legal.pl\/2016\/11\/29\/fiskus-pozwala-rozliczac-auta-w-calosci-w-kosztach\/","url":"http:\/\/dmp-legal.pl\/2016\/11\/29\/fiskus-pozwala-rozliczac-auta-w-calosci-w-kosztach\/","name":"Fiskus pozwala rozlicza\u0107 auta w ca\u0142o\u015bci w kosztach - DMP-LEGAL","isPartOf":{"@id":"http:\/\/dmp-legal.pl\/#website"},"datePublished":"2016-11-29T11:39:18+00:00","author":{"@id":"http:\/\/dmp-legal.pl\/#\/schema\/person\/ec9387b805e2378481c38c7a419a383f"},"breadcrumb":{"@id":"http:\/\/dmp-legal.pl\/2016\/11\/29\/fiskus-pozwala-rozliczac-auta-w-calosci-w-kosztach\/#breadcrumb"},"inLanguage":"en-US","potentialAction":[{"@type":"ReadAction","target":["http:\/\/dmp-legal.pl\/2016\/11\/29\/fiskus-pozwala-rozliczac-auta-w-calosci-w-kosztach\/"]}]},{"@type":"BreadcrumbList","@id":"http:\/\/dmp-legal.pl\/2016\/11\/29\/fiskus-pozwala-rozliczac-auta-w-calosci-w-kosztach\/#breadcrumb","itemListElement":[{"@type":"ListItem","position":1,"name":"Strona g\u0142\u00f3wna","item":"http:\/\/dmp-legal.pl\/"},{"@type":"ListItem","position":2,"name":"Fiskus pozwala rozlicza\u0107 auta w ca\u0142o\u015bci w kosztach"}]},{"@type":"WebSite","@id":"http:\/\/dmp-legal.pl\/#website","url":"http:\/\/dmp-legal.pl\/","name":"DMP-LEGAL","description":"Dobrowolska Mazur Pasternak s.c. radc\u00f3w prawnych","potentialAction":[{"@type":"SearchAction","target":{"@type":"EntryPoint","urlTemplate":"http:\/\/dmp-legal.pl\/?s={search_term_string}"},"query-input":{"@type":"PropertyValueSpecification","valueRequired":true,"valueName":"search_term_string"}}],"inLanguage":"en-US"},{"@type":"Person","@id":"http:\/\/dmp-legal.pl\/#\/schema\/person\/ec9387b805e2378481c38c7a419a383f","name":"przewo","image":{"@type":"ImageObject","inLanguage":"en-US","@id":"http:\/\/dmp-legal.pl\/#\/schema\/person\/image\/","url":"http:\/\/0.gravatar.com\/avatar\/066555a51071fc0f8506e92084b0b37c?s=96&d=mm&r=g","contentUrl":"http:\/\/0.gravatar.com\/avatar\/066555a51071fc0f8506e92084b0b37c?s=96&d=mm&r=g","caption":"przewo"},"url":"http:\/\/dmp-legal.pl\/en\/author\/przewo\/"}]}},"_links":{"self":[{"href":"http:\/\/dmp-legal.pl\/en\/wp-json\/wp\/v2\/posts\/130"}],"collection":[{"href":"http:\/\/dmp-legal.pl\/en\/wp-json\/wp\/v2\/posts"}],"about":[{"href":"http:\/\/dmp-legal.pl\/en\/wp-json\/wp\/v2\/types\/post"}],"author":[{"embeddable":true,"href":"http:\/\/dmp-legal.pl\/en\/wp-json\/wp\/v2\/users\/1"}],"replies":[{"embeddable":true,"href":"http:\/\/dmp-legal.pl\/en\/wp-json\/wp\/v2\/comments?post=130"}],"version-history":[{"count":0,"href":"http:\/\/dmp-legal.pl\/en\/wp-json\/wp\/v2\/posts\/130\/revisions"}],"wp:attachment":[{"href":"http:\/\/dmp-legal.pl\/en\/wp-json\/wp\/v2\/media?parent=130"}],"wp:term":[{"taxonomy":"category","embeddable":true,"href":"http:\/\/dmp-legal.pl\/en\/wp-json\/wp\/v2\/categories?post=130"},{"taxonomy":"post_tag","embeddable":true,"href":"http:\/\/dmp-legal.pl\/en\/wp-json\/wp\/v2\/tags?post=130"}],"curies":[{"name":"wp","href":"https:\/\/api.w.org\/{rel}","templated":true}]}}